{"id":371,"date":"2007-01-18T10:16:01","date_gmt":"2007-01-18T10:16:01","guid":{"rendered":"http:\/\/www.familyofsites.bishopsconference.org.uk\/testsite\/?p=371"},"modified":"2017-11-02T13:14:04","modified_gmt":"2017-11-02T13:14:04","slug":"breaking-the-hold-of-fear-anger-and-despair-in-the-holy-land","status":"publish","type":"post","link":"https:\/\/familyofsites.bishopsconference.org.uk\/testsite\/breaking-the-hold-of-fear-anger-and-despair-in-the-holy-land\/","title":{"rendered":"Breaking the hold of fear, anger and despair in the Holy Land"},"content":{"rendered":"<p>This was our seventh trip to the Holy Land to walk in solidarity with the local Church and its bishops, while supporting the search for a just peace.<!--more--> We urge Catholics from all nations to follow in our steps, and those of millions of pilgrims, to visit the holy sites and the Christian communities of this land. We call upon them to \u201ccome and see\u201d.<\/p>\n<p>Many of us visited Gaza to meet the Christian community and Muslim and Palestinian leaders. We were warmly welcomed by people hoping for a better future while living in poverty. Our entire delegation then visited Galilee and met the \u201cliving stones\u201d of the Christian communities. We prayed with them, listened to their stories of joy and concern, and learned of their initiatives to build a common future with persons of all faiths. We experienced an encouraging inter-religious dialogue with a panel that included a Jew, a Christian, a Muslim and a Druze.<\/p>\n<p>Time and again we were reminded that pilgrims to this land ought to meet the living Christian communities in addition to visiting the holy places. We discussed with Minister of Tourism, Isaac Herzog, ways to encourage and improve pilgrimages and visits.<\/p>\n<p>The Christian presence is a moderating influence and is essential to achieving peace. As Pope Benedict XVI recently said, \u201cChristian witness will be of assistance and support for a future of peace and fraternity.\u201d Christians are small in number but are an integral part of the people of Israel and the Palestinian Territories. Their rights must be guaranteed through recognition of equality and improved security, along with religious rights enshrined in law.<\/p>\n<p>The Fundamental Agreement between the Holy See and Israel is built upon rights established over centuries to facilitate the unique mission of the Church in the Holy Land. The vitality of the Church and its institutions in Israel, including hospitals, schools, and hospices that provide valuable services to the whole community, will be enhanced when the Agreement and other measures are ratified in law and fully implemented. For more than a decade, the Church has pursued this goal. We ask Israeli officials to enable the negotiations on the Fundamental Agreement to be completed successfully and soon. The granting of visas and permits to Church workers continues to be an urgent concern.<\/p>\n<p>Our belief in the one God compels us to work for the welfare of two peoples, Israelis and Palestinians, and members of three religions \u2013 Jews, Christians and Muslims, who belong to the one family of God. As bishops and pastors, we affirm our Holy Father\u2019s recent address to the diplomatic corps in which he said, \u201cThe Israelis have a right to live in peace in their state; the Palestinians have a right to a free and sovereign homeland.\u201d (8 January 2007)<\/p>\n<p>In a meeting with Israeli Vice-Prime Minister Shimon Peres, we expressed an understanding of the significant security challenges that face Israel. We discussed the proposed reduction in the number of checkpoints and the proposed release of Palestinian tax revenues which could be encouraging signs, but emphasised that bold gestures are needed to break the cycle of Israeli fear and Palestinian anger that dominate the current situation.<\/p>\n<p>The future of all peoples of the Holy Land depends on securing a just and lasting peace. There is clearly profound suffering on both sides. Mutual trust should be established through specific measures that build confidence. The establishment of a viable Palestinian state, which would end the occupation, requires contiguous lands and calls into question the route of the security barrier and the expansion and establishment of settlements in the West Bank. In the meantime, Palestinians need freedom of movement so that they can work, visit family members, obtain medical treatment and get an education. Humiliating treatment at borders and checkpoints needs to be avoided. Since the foundation of society is the family, Israeli regulations should allow reunification of families where there is a Palestinian spouse.<\/p>\n<p>In a meeting with President Abbas, we noted that we had witnessed during our visits the sufferings and deprivations that Palestinians experience on a daily basis. However, unity among Palestinian leaders is necessary for them to negotiate a just peace and create a better future. The restraint of violence and the recognition of the state of Israel by all elements of Palestinian society will help rebuild the international community\u2019s confidence in and support of the Palestinian Authority. President Abbas affirmed the need for the international community to support a new, more serious and timely initiative to pursue peace.<\/p>\n<p>On this, our seventh visit to the Holy Land, we note that 59 years after the conflict began, the search for lasting security and a just peace continues. Clearly something new is needed to achieve justice and peace so that Israelis can move beyond fear, which drives counterproductive security policies that oppress the Palestinian people, and so that Palestinians can move beyond anger and despair, which drive violence that terrifies the Israeli people. We were encouraged to learn that the Israeli Prime Minister, the Palestinian President and the US Secretary of State will be meeting soon to work towards a just peace.<\/p>\n<p>In communion with the bishops of the Holy Land, we urge Catholics to pray for peace, come on pilgrimage and undertake other activities to support the Mother Church. We pray for the courage and guidance that are needed to break the hold of fear and despair in this Holy Land.<\/p>\n<h3>Signatories<\/h3>\n<p>Bishop Christopher Budd<br \/>\nBishop of Plymouth, Catholic Bishops\u2019 Conference of England &amp; Wales<\/p>\n<p>Bishop Pierre B\u00fcrcher<br \/>\nAuxiliary Bishop of Lausanne, Geneva &amp; Freibourg, Swiss Bishops\u2019 Conference<\/p>\n<p>Bishop Gilles Cazabon OMI<br \/>\nBishop of Saint-J\u00e9r\u00f4me (Province of Qu\u00e9bec), Canadian Conference of Catholic Bishops<\/p>\n<p>Bishop Michel Dubost<br \/>\nBishop of Evry, French Bishops\u2019 Conference<\/p>\n<p>Monsignor Peter Fleetwood<br \/>\nDeputy General Secretary of the Council of European Bishops&#8217; Conferences<\/p>\n<p>Bishop Raymond Field<br \/>\nAuxiliary Bishop of Dublin, Irish Commission for Justice and Social Affairs<\/p>\n<p>Archbishop Patrick Kelly<br \/>\nArchbishop of Liverpool, Vice-President of Catholic Bishops\u2019 Conference of England &amp; Wales<\/p>\n<p>Bishop William Kenney<br \/>\nAuxiliary Bishop of Birmingham, Catholic Bishops\u2019 Conference of England &amp; Wales<br \/>\nRepresentative of the Commission of Episcopal Conferences of the European Union<\/p>\n<p>Bishop John Kirby<br \/>\nBishop of Clonfert, Tr\u00f3caire, Irish Episcopal Conference<\/p>\n<p>Mr. Ulrich P\u00f6ner<br \/>\nDirector, German Bishops\u2019 Conference Department for International Church Affairs and Migration<\/p>\n<p>Bishop William Skylstad<br \/>\nBishop of Spokane and President of the United States Conference of Catholic Bishops<\/p>\n<p>Bishop Joan Enric Vives I Sicilia<br \/>\nBishop of Urgell and Co-Prince of Andorra, Spanish Bishops\u2019 Conference<\/p>\n","protected":false},"excerpt":{"rendered":"<p>This was our seventh trip to the Holy Land to walk in solidarity with the local Church and its bishops, while supporting the search for a just peace.<\/p>\n","protected":false},"author":3,"featured_media":829,"comment_status":"open","ping_status":"open","sticky":false,"template":"","format":"standard","meta":{"_acf_changed":false,"episode_type":"","audio_file":"","podmotor_file_id":"","podmotor_episode_id":"","cover_image":"","cover_image_id":"","duration":"","filesize":"","filesize_raw":"","date_recorded":"","explicit":"","block":"","itunes_episode_number":"","itunes_title":"","itunes_season_number":"","itunes_episode_type":"","footnotes":""},"categories":[277],"tags":[279,298,120,149,168,211,215],"bishop":[],"department":[],"class_list":["post-371","post","type-post","status-publish","format-standard","has-post-thumbnail","hentry","category-communiques","tag-279","tag-commuinque","tag-israel","tag-meeting","tag-palestine","tag-statement","tag-support"],"acf":[],"yoast_head":"<!-- This site is optimized with the Yoast SEO plugin v27.5 - https:\/\/yoast.com\/product\/yoast-seo-wordpress\/ -->\n<title>Breaking the hold of fear, anger and despair in the Holy Land - Test Site<\/title>\n<meta name=\"robots\" content=\"index, follow, max-snippet:-1, max-image-preview:large, max-video-preview:-1\" \/>\n<link rel=\"canonical\" href=\"https:\/\/familyofsites.bishopsconference.org.uk\/testsite\/breaking-the-hold-of-fear-anger-and-despair-in-the-holy-land\/\" \/>\n<meta property=\"og:locale\" content=\"en_GB\" \/>\n<meta property=\"og:type\" content=\"article\" \/>\n<meta property=\"og:title\" content=\"Breaking the hold of fear, anger and despair in the Holy Land - Test Site\" \/>\n<meta property=\"og:description\" content=\"This was our seventh trip to the Holy Land to walk in solidarity with the local Church and its bishops, while supporting the search for a just peace.\" \/>\n<meta property=\"og:url\" content=\"https:\/\/familyofsites.bishopsconference.org.uk\/testsite\/breaking-the-hold-of-fear-anger-and-despair-in-the-holy-land\/\" \/>\n<meta property=\"og:site_name\" content=\"Test Site\" \/>\n<meta property=\"article:published_time\" content=\"2007-01-18T10:16:01+00:00\" \/>\n<meta property=\"article:modified_time\" content=\"2017-11-02T13:14:04+00:00\" \/>\n<meta property=\"og:image\" content=\"https:\/\/i0.wp.com\/familyofsites.bishopsconference.org.uk\/testsite\/wp-content\/uploads\/sites\/12\/2007\/01\/church-nativity-bethlehem-1140x641.jpg?fit=1140%2C641&ssl=1\" \/>\n\t<meta property=\"og:image:width\" content=\"1140\" \/>\n\t<meta property=\"og:image:height\" content=\"641\" \/>\n\t<meta property=\"og:image:type\" content=\"image\/jpeg\" \/>\n<meta name=\"author\" content=\"steve\" \/>\n<meta name=\"twitter:card\" content=\"summary_large_image\" \/>\n<meta name=\"twitter:label1\" content=\"Written by\" \/>\n\t<meta name=\"twitter:data1\" content=\"steve\" \/>\n\t<meta name=\"twitter:label2\" content=\"Estimated reading time\" \/>\n\t<meta name=\"twitter:data2\" content=\"5 minutes\" \/>\n<script type=\"application\/ld+json\" class=\"yoast-schema-graph\">{\"@context\":\"https:\\\/\\\/schema.org\",\"@graph\":[{\"@type\":\"Article\",\"@id\":\"https:\\\/\\\/familyofsites.bishopsconference.org.uk\\\/testsite\\\/breaking-the-hold-of-fear-anger-and-despair-in-the-holy-land\\\/#article\",\"isPartOf\":{\"@id\":\"https:\\\/\\\/familyofsites.bishopsconference.org.uk\\\/testsite\\\/breaking-the-hold-of-fear-anger-and-despair-in-the-holy-land\\\/\"},\"author\":{\"name\":\"steve\",\"@id\":\"https:\\\/\\\/familyofsites.bishopsconference.org.uk\\\/testsite\\\/#\\\/schema\\\/person\\\/086bff00c0d61122f08214c8aa53e045\"},\"headline\":\"Breaking the hold of fear, anger and despair in the Holy Land\",\"datePublished\":\"2007-01-18T10:16:01+00:00\",\"dateModified\":\"2017-11-02T13:14:04+00:00\",\"mainEntityOfPage\":{\"@id\":\"https:\\\/\\\/familyofsites.bishopsconference.org.uk\\\/testsite\\\/breaking-the-hold-of-fear-anger-and-despair-in-the-holy-land\\\/\"},\"wordCount\":1095,\"commentCount\":0,\"image\":{\"@id\":\"https:\\\/\\\/familyofsites.bishopsconference.org.uk\\\/testsite\\\/breaking-the-hold-of-fear-anger-and-despair-in-the-holy-land\\\/#primaryimage\"},\"thumbnailUrl\":\"https:\\\/\\\/familyofsites.bishopsconference.org.uk\\\/testsite\\\/wp-content\\\/uploads\\\/sites\\\/12\\\/2007\\\/01\\\/church-nativity-bethlehem-1140x641.jpg\",\"keywords\":[\"2007\",\"commuinque\",\"Israel\",\"Meeting\",\"Palestine\",\"statement\",\"support\"],\"articleSection\":[\"Communiqu\u00e9s\"],\"inLanguage\":\"en-GB\",\"potentialAction\":[{\"@type\":\"CommentAction\",\"name\":\"Comment\",\"target\":[\"https:\\\/\\\/familyofsites.bishopsconference.org.uk\\\/testsite\\\/breaking-the-hold-of-fear-anger-and-despair-in-the-holy-land\\\/#respond\"]}]},{\"@type\":\"WebPage\",\"@id\":\"https:\\\/\\\/familyofsites.bishopsconference.org.uk\\\/testsite\\\/breaking-the-hold-of-fear-anger-and-despair-in-the-holy-land\\\/\",\"url\":\"https:\\\/\\\/familyofsites.bishopsconference.org.uk\\\/testsite\\\/breaking-the-hold-of-fear-anger-and-despair-in-the-holy-land\\\/\",\"name\":\"Breaking the hold of fear, anger and despair in the Holy Land - Test Site\",\"isPartOf\":{\"@id\":\"https:\\\/\\\/familyofsites.bishopsconference.org.uk\\\/testsite\\\/#website\"},\"primaryImageOfPage\":{\"@id\":\"https:\\\/\\\/familyofsites.bishopsconference.org.uk\\\/testsite\\\/breaking-the-hold-of-fear-anger-and-despair-in-the-holy-land\\\/#primaryimage\"},\"image\":{\"@id\":\"https:\\\/\\\/familyofsites.bishopsconference.org.uk\\\/testsite\\\/breaking-the-hold-of-fear-anger-and-despair-in-the-holy-land\\\/#primaryimage\"},\"thumbnailUrl\":\"https:\\\/\\\/familyofsites.bishopsconference.org.uk\\\/testsite\\\/wp-content\\\/uploads\\\/sites\\\/12\\\/2007\\\/01\\\/church-nativity-bethlehem-1140x641.jpg\",\"datePublished\":\"2007-01-18T10:16:01+00:00\",\"dateModified\":\"2017-11-02T13:14:04+00:00\",\"author\":{\"@id\":\"https:\\\/\\\/familyofsites.bishopsconference.org.uk\\\/testsite\\\/#\\\/schema\\\/person\\\/086bff00c0d61122f08214c8aa53e045\"},\"breadcrumb\":{\"@id\":\"https:\\\/\\\/familyofsites.bishopsconference.org.uk\\\/testsite\\\/breaking-the-hold-of-fear-anger-and-despair-in-the-holy-land\\\/#breadcrumb\"},\"inLanguage\":\"en-GB\",\"potentialAction\":[{\"@type\":\"ReadAction\",\"target\":[\"https:\\\/\\\/familyofsites.bishopsconference.org.uk\\\/testsite\\\/breaking-the-hold-of-fear-anger-and-despair-in-the-holy-land\\\/\"]}]},{\"@type\":\"ImageObject\",\"inLanguage\":\"en-GB\",\"@id\":\"https:\\\/\\\/familyofsites.bishopsconference.org.uk\\\/testsite\\\/breaking-the-hold-of-fear-anger-and-despair-in-the-holy-land\\\/#primaryimage\",\"url\":\"https:\\\/\\\/familyofsites.bishopsconference.org.uk\\\/testsite\\\/wp-content\\\/uploads\\\/sites\\\/12\\\/2007\\\/01\\\/church-nativity-bethlehem-1140x641.jpg\",\"contentUrl\":\"https:\\\/\\\/familyofsites.bishopsconference.org.uk\\\/testsite\\\/wp-content\\\/uploads\\\/sites\\\/12\\\/2007\\\/01\\\/church-nativity-bethlehem-1140x641.jpg\",\"width\":1140,\"height\":641},{\"@type\":\"BreadcrumbList\",\"@id\":\"https:\\\/\\\/familyofsites.bishopsconference.org.uk\\\/testsite\\\/breaking-the-hold-of-fear-anger-and-despair-in-the-holy-land\\\/#breadcrumb\",\"itemListElement\":[{\"@type\":\"ListItem\",\"position\":1,\"name\":\"Home\",\"item\":\"https:\\\/\\\/familyofsites.bishopsconference.org.uk\\\/testsite\\\/\"},{\"@type\":\"ListItem\",\"position\":2,\"name\":\"Breaking the hold of fear, anger and despair in the Holy Land\"}]},{\"@type\":\"WebSite\",\"@id\":\"https:\\\/\\\/familyofsites.bishopsconference.org.uk\\\/testsite\\\/#website\",\"url\":\"https:\\\/\\\/familyofsites.bishopsconference.org.uk\\\/testsite\\\/\",\"name\":\"Test Site\",\"description\":\"Just another Conference of Catholic Bishops for England and Wales Sites site\",\"potentialAction\":[{\"@type\":\"SearchAction\",\"target\":{\"@type\":\"EntryPoint\",\"urlTemplate\":\"https:\\\/\\\/familyofsites.bishopsconference.org.uk\\\/testsite\\\/?s={search_term_string}\"},\"query-input\":{\"@type\":\"PropertyValueSpecification\",\"valueRequired\":true,\"valueName\":\"search_term_string\"}}],\"inLanguage\":\"en-GB\"},{\"@type\":\"Person\",\"@id\":\"https:\\\/\\\/familyofsites.bishopsconference.org.uk\\\/testsite\\\/#\\\/schema\\\/person\\\/086bff00c0d61122f08214c8aa53e045\",\"name\":\"steve\",\"image\":{\"@type\":\"ImageObject\",\"inLanguage\":\"en-GB\",\"@id\":\"https:\\\/\\\/secure.gravatar.com\\\/avatar\\\/c2303b0c8790dcd5f39ea5f085b2d1637a5da9ae07be74ba0f161bc982c7f94b?s=96&d=mm&r=g\",\"url\":\"https:\\\/\\\/secure.gravatar.com\\\/avatar\\\/c2303b0c8790dcd5f39ea5f085b2d1637a5da9ae07be74ba0f161bc982c7f94b?s=96&d=mm&r=g\",\"contentUrl\":\"https:\\\/\\\/secure.gravatar.com\\\/avatar\\\/c2303b0c8790dcd5f39ea5f085b2d1637a5da9ae07be74ba0f161bc982c7f94b?s=96&d=mm&r=g\",\"caption\":\"steve\"}}]}<\/script>\n<!-- \/ Yoast SEO plugin. -->","yoast_head_json":{"title":"Breaking the hold of fear, anger and despair in the Holy Land - Test Site","robots":{"index":"index","follow":"follow","max-snippet":"max-snippet:-1","max-image-preview":"max-image-preview:large","max-video-preview":"max-video-preview:-1"},"canonical":"https:\/\/familyofsites.bishopsconference.org.uk\/testsite\/breaking-the-hold-of-fear-anger-and-despair-in-the-holy-land\/","og_locale":"en_GB","og_type":"article","og_title":"Breaking the hold of fear, anger and despair in the Holy Land - Test Site","og_description":"This was our seventh trip to the Holy Land to walk in solidarity with the local Church and its bishops, while supporting the search for a just peace.","og_url":"https:\/\/familyofsites.bishopsconference.org.uk\/testsite\/breaking-the-hold-of-fear-anger-and-despair-in-the-holy-land\/","og_site_name":"Test Site","article_published_time":"2007-01-18T10:16:01+00:00","article_modified_time":"2017-11-02T13:14:04+00:00","og_image":[{"width":1140,"height":641,"url":"https:\/\/i0.wp.com\/familyofsites.bishopsconference.org.uk\/testsite\/wp-content\/uploads\/sites\/12\/2007\/01\/church-nativity-bethlehem-1140x641.jpg?fit=1140%2C641&ssl=1","type":"image\/jpeg"}],"author":"steve","twitter_card":"summary_large_image","twitter_misc":{"Written by":"steve","Estimated reading time":"5 minutes"},"schema":{"@context":"https:\/\/schema.org","@graph":[{"@type":"Article","@id":"https:\/\/familyofsites.bishopsconference.org.uk\/testsite\/breaking-the-hold-of-fear-anger-and-despair-in-the-holy-land\/#article","isPartOf":{"@id":"https:\/\/familyofsites.bishopsconference.org.uk\/testsite\/breaking-the-hold-of-fear-anger-and-despair-in-the-holy-land\/"},"author":{"name":"steve","@id":"https:\/\/familyofsites.bishopsconference.org.uk\/testsite\/#\/schema\/person\/086bff00c0d61122f08214c8aa53e045"},"headline":"Breaking the hold of fear, anger and despair in the Holy Land","datePublished":"2007-01-18T10:16:01+00:00","dateModified":"2017-11-02T13:14:04+00:00","mainEntityOfPage":{"@id":"https:\/\/familyofsites.bishopsconference.org.uk\/testsite\/breaking-the-hold-of-fear-anger-and-despair-in-the-holy-land\/"},"wordCount":1095,"commentCount":0,"image":{"@id":"https:\/\/familyofsites.bishopsconference.org.uk\/testsite\/breaking-the-hold-of-fear-anger-and-despair-in-the-holy-land\/#primaryimage"},"thumbnailUrl":"https:\/\/familyofsites.bishopsconference.org.uk\/testsite\/wp-content\/uploads\/sites\/12\/2007\/01\/church-nativity-bethlehem-1140x641.jpg","keywords":["2007","commuinque","Israel","Meeting","Palestine","statement","support"],"articleSection":["Communiqu\u00e9s"],"inLanguage":"en-GB","potentialAction":[{"@type":"CommentAction","name":"Comment","target":["https:\/\/familyofsites.bishopsconference.org.uk\/testsite\/breaking-the-hold-of-fear-anger-and-despair-in-the-holy-land\/#respond"]}]},{"@type":"WebPage","@id":"https:\/\/familyofsites.bishopsconference.org.uk\/testsite\/breaking-the-hold-of-fear-anger-and-despair-in-the-holy-land\/","url":"https:\/\/familyofsites.bishopsconference.org.uk\/testsite\/breaking-the-hold-of-fear-anger-and-despair-in-the-holy-land\/","name":"Breaking the hold of fear, anger and despair in the Holy Land - Test Site","isPartOf":{"@id":"https:\/\/familyofsites.bishopsconference.org.uk\/testsite\/#website"},"primaryImageOfPage":{"@id":"https:\/\/familyofsites.bishopsconference.org.uk\/testsite\/breaking-the-hold-of-fear-anger-and-despair-in-the-holy-land\/#primaryimage"},"image":{"@id":"https:\/\/familyofsites.bishopsconference.org.uk\/testsite\/breaking-the-hold-of-fear-anger-and-despair-in-the-holy-land\/#primaryimage"},"thumbnailUrl":"https:\/\/familyofsites.bishopsconference.org.uk\/testsite\/wp-content\/uploads\/sites\/12\/2007\/01\/church-nativity-bethlehem-1140x641.jpg","datePublished":"2007-01-18T10:16:01+00:00","dateModified":"2017-11-02T13:14:04+00:00","author":{"@id":"https:\/\/familyofsites.bishopsconference.org.uk\/testsite\/#\/schema\/person\/086bff00c0d61122f08214c8aa53e045"},"breadcrumb":{"@id":"https:\/\/familyofsites.bishopsconference.org.uk\/testsite\/breaking-the-hold-of-fear-anger-and-despair-in-the-holy-land\/#breadcrumb"},"inLanguage":"en-GB","potentialAction":[{"@type":"ReadAction","target":["https:\/\/familyofsites.bishopsconference.org.uk\/testsite\/breaking-the-hold-of-fear-anger-and-despair-in-the-holy-land\/"]}]},{"@type":"ImageObject","inLanguage":"en-GB","@id":"https:\/\/familyofsites.bishopsconference.org.uk\/testsite\/breaking-the-hold-of-fear-anger-and-despair-in-the-holy-land\/#primaryimage","url":"https:\/\/familyofsites.bishopsconference.org.uk\/testsite\/wp-content\/uploads\/sites\/12\/2007\/01\/church-nativity-bethlehem-1140x641.jpg","contentUrl":"https:\/\/familyofsites.bishopsconference.org.uk\/testsite\/wp-content\/uploads\/sites\/12\/2007\/01\/church-nativity-bethlehem-1140x641.jpg","width":1140,"height":641},{"@type":"BreadcrumbList","@id":"https:\/\/familyofsites.bishopsconference.org.uk\/testsite\/breaking-the-hold-of-fear-anger-and-despair-in-the-holy-land\/#breadcrumb","itemListElement":[{"@type":"ListItem","position":1,"name":"Home","item":"https:\/\/familyofsites.bishopsconference.org.uk\/testsite\/"},{"@type":"ListItem","position":2,"name":"Breaking the hold of fear, anger and despair in the Holy Land"}]},{"@type":"WebSite","@id":"https:\/\/familyofsites.bishopsconference.org.uk\/testsite\/#website","url":"https:\/\/familyofsites.bishopsconference.org.uk\/testsite\/","name":"Test Site","description":"Just another Conference of Catholic Bishops for England and Wales Sites site","potentialAction":[{"@type":"SearchAction","target":{"@type":"EntryPoint","urlTemplate":"https:\/\/familyofsites.bishopsconference.org.uk\/testsite\/?s={search_term_string}"},"query-input":{"@type":"PropertyValueSpecification","valueRequired":true,"valueName":"search_term_string"}}],"inLanguage":"en-GB"},{"@type":"Person","@id":"https:\/\/familyofsites.bishopsconference.org.uk\/testsite\/#\/schema\/person\/086bff00c0d61122f08214c8aa53e045","name":"steve","image":{"@type":"ImageObject","inLanguage":"en-GB","@id":"https:\/\/secure.gravatar.com\/avatar\/c2303b0c8790dcd5f39ea5f085b2d1637a5da9ae07be74ba0f161bc982c7f94b?s=96&d=mm&r=g","url":"https:\/\/secure.gravatar.com\/avatar\/c2303b0c8790dcd5f39ea5f085b2d1637a5da9ae07be74ba0f161bc982c7f94b?s=96&d=mm&r=g","contentUrl":"https:\/\/secure.gravatar.com\/avatar\/c2303b0c8790dcd5f39ea5f085b2d1637a5da9ae07be74ba0f161bc982c7f94b?s=96&d=mm&r=g","caption":"steve"}}]}},"_links":{"self":[{"href":"https:\/\/familyofsites.bishopsconference.org.uk\/testsite\/wp-json\/wp\/v2\/posts\/371","targetHints":{"allow":["GET"]}}],"collection":[{"href":"https:\/\/familyofsites.bishopsconference.org.uk\/testsite\/wp-json\/wp\/v2\/posts"}],"about":[{"href":"https:\/\/familyofsites.bishopsconference.org.uk\/testsite\/wp-json\/wp\/v2\/types\/post"}],"author":[{"embeddable":true,"href":"https:\/\/familyofsites.bishopsconference.org.uk\/testsite\/wp-json\/wp\/v2\/users\/3"}],"replies":[{"embeddable":true,"href":"https:\/\/familyofsites.bishopsconference.org.uk\/testsite\/wp-json\/wp\/v2\/comments?post=371"}],"version-history":[{"count":0,"href":"https:\/\/familyofsites.bishopsconference.org.uk\/testsite\/wp-json\/wp\/v2\/posts\/371\/revisions"}],"wp:featuredmedia":[{"embeddable":true,"href":"https:\/\/familyofsites.bishopsconference.org.uk\/testsite\/wp-json\/wp\/v2\/media\/829"}],"wp:attachment":[{"href":"https:\/\/familyofsites.bishopsconference.org.uk\/testsite\/wp-json\/wp\/v2\/media?parent=371"}],"wp:term":[{"taxonomy":"category","embeddable":true,"href":"https:\/\/familyofsites.bishopsconference.org.uk\/testsite\/wp-json\/wp\/v2\/categories?post=371"},{"taxonomy":"post_tag","embeddable":true,"href":"https:\/\/familyofsites.bishopsconference.org.uk\/testsite\/wp-json\/wp\/v2\/tags?post=371"},{"taxonomy":"bishop","embeddable":true,"href":"https:\/\/familyofsites.bishopsconference.org.uk\/testsite\/wp-json\/wp\/v2\/bishop?post=371"},{"taxonomy":"department","embeddable":true,"href":"https:\/\/familyofsites.bishopsconference.org.uk\/testsite\/wp-json\/wp\/v2\/department?post=371"}],"curies":[{"name":"wp","href":"https:\/\/api.w.org\/{rel}","templated":true}]}}